{"id":1106,"date":"2020-06-23T16:43:48","date_gmt":"2020-06-23T16:43:48","guid":{"rendered":"https:\/\/pnin-niger.org\/web\/?p=1106"},"modified":"2020-06-25T08:51:00","modified_gmt":"2020-06-25T08:51:00","slug":"analyse-tendances-de-la-malnutrition-chronique-des-enfants-de-moins-de-5-ans-et-de-ses-determinants-au-niger","status":"publish","type":"post","link":"https:\/\/pnin-niger.org\/web\/?p=1106","title":{"rendered":"Analyse : Tendances de la malnutrition chronique des enfants de moins de 5 ans et de ses d\u00e9terminants au Niger"},"content":{"rendered":"<p style=\"text-align: justify;\">Dans le cadre de la mise en \u0153uvre du Plan Cadre d\u2019Analyses de la PNIN en 2019, les analyses faites ont permis de r\u00e9pondre \u00e0 la question N\u00b01 compos\u00e9 de 8\u00a0sous-questions. Les questions portant sur les tendances de la malnutrition chronique des enfants de moins de 5\u00a0ans et de ses d\u00e9terminants ont \u00e9t\u00e9 trait\u00e9s avec le concours du HC3N et de certains partenaires qui ont apport\u00e9 leur appui pour l\u2019interpr\u00e9tation des r\u00e9sultats. Le rapport est pr\u00e9sent\u00e9 sous forme de 3 tomes s\u00e9par\u00e9s\u00a0:<\/p>\n<ol style=\"text-align: justify;\">\n<li>L\u2019approche m\u00e9thodologique utilis\u00e9e pour r\u00e9pondre aux diff\u00e9rentes sous-questions\u00a0;<\/li>\n<li>Le rapport d\u2019analyses sur les tendances nationales de la malnutrition chronique chez les enfants de moins de 5\u00a0ans et de ses d\u00e9terminants\u00a0;<\/li>\n<li>Le rapport d\u2019analyses sur les disparit\u00e9s r\u00e9gionales, objet du pr\u00e9sent rapport. Le pr\u00e9sent d\u00e9pliant est issu du Synopsis ou synth\u00e8se des principaux r\u00e9sultats de r\u00e9ponse \u00e0 la question N\u00b01.<\/li>\n<li>Approche m\u00e9thodologique bas\u00e9e sur les donn\u00e9es existantes<\/li>\n<\/ol>\n<p style=\"text-align: justify;\">Les analyses ont \u00e9t\u00e9 faites uniquement \u00e0 partir des donn\u00e9es existantes en accordant la priorit\u00e9 aux donn\u00e9es nationales accessibles. La constitution de s\u00e9ries des bases des donn\u00e9es pour renseigner chacun des indicateurs pr\u00e9s\u00e9lectionn\u00e9s a \u00e9t\u00e9 pr\u00e9c\u00e9d\u00e9e par l\u2019inventaire des donn\u00e9es existantes \u00e0 l\u2019Institut National de la Statistique, le contr\u00f4le de leurs qualit\u00e9 et comparabilit\u00e9 sur le plan m\u00e9thodologique (\u00e9chantillonnage et groupes cibles par exemple). Pour compl\u00e9ter les s\u00e9ries des donn\u00e9es nationales ou pour constituer des s\u00e9ries additionnelles, des bases des donn\u00e9es internationales (Division Statistiques des Nations Unies pour la Population, FAOSTAT, UNICEF par exemple) et des rapports mondiaux ont \u00e9t\u00e9 \u00e9galement utilis\u00e9s. En plus de la pr\u00e9sentation classique des r\u00e9sultats d\u2019analyses, la PNIN avec l\u2019appui de \u00a0l\u2019INS a r\u00e9alis\u00e9 des projections sur diff\u00e9rents indicateurs afin de voir les gaps \u00e0 combler et d\u2019appr\u00e9cier si le Niger est sur la trajectoire de l\u2019atteinte des cibles de nutrition relevant de ses engagements. Il s\u2019agit \u00e9galement de mettre en avant les d\u00e9fis \u00e0 relever pour formuler des messages cl\u00e9s et des recommandations actionnables et pertinentes (production, centralisation et valorisation des donn\u00e9es).<\/p>\n<ol style=\"text-align: justify;\" start=\"2\">\n<li>D\u2019importants d\u00e9ficits \u00e0 combler \u00e0 l\u2019\u00e9chelle Nationale<\/li>\n<\/ol>\n<p style=\"text-align: justify;\">\u00c0 l\u2019Assembl\u00e9e Mondiale de la Sant\u00e9 (AMS 2012), les pays ont pris l\u2019engagement de r\u00e9duire de 40\u00a0% le nombre des enfants de 0-59\u00a0mois atteints de malnutrition chronique d\u2019ici 2025. Cette r\u00e9duction des enfants atteints de la malnutrition est fix\u00e9e \u00e0 50\u00a0% d\u2019ici 2030 selon les Objectifs du D\u00e9veloppement Durable (ODD). L\u2019analyse des tendances actuelles de la malnutrition chronique (pr\u00e9valence et nombre) r\u00e9v\u00e8le peu ou pas de progr\u00e8s de la pr\u00e9valence de la malnutrition chronique et une d\u00e9gradation r\u00e9guli\u00e8re de l\u2019\u00e9volution du nombre d\u2019enfants de moins de 5\u00a0ans atteints de malnutrition chronique avec une croissance annuelle moyenne de 97\u00a0000 enfants.<\/p>\n<p style=\"text-align: justify;\">Les efforts engag\u00e9s dans la pr\u00e9vention de la malnutrition chronique chez les enfants de moins de 5\u00a0ans durant les 15\u00a0derni\u00e8res ann\u00e9es <strong>so<\/strong><strong>n<\/strong><strong>t<\/strong> <strong>insuffisa<\/strong><strong>n<\/strong><strong>ts<\/strong> <strong>pour<\/strong> <strong>r<\/strong><strong>e<\/strong><strong>n<\/strong><strong>v<\/strong><strong>e<\/strong><strong>r<\/strong><strong>ser<\/strong> <strong>les <\/strong><strong>t<\/strong><strong>endances actuelles<\/strong>. Au niveau Mondial, des seuils de vuln\u00e9rabilit\u00e9 \u00e0 la malnutrition chronique chez les enfants de moins de 5\u00a0ans ont \u00e9t\u00e9 fix\u00e9s pour 6\u00a0indicateurs jug\u00e9s comme vecteurs sous-jacents pour l\u2019am\u00e9lioration de cette forme de malnutrition en r\u00e9f\u00e9rence au Global Nutrition Report. Tous les 6\u00a0indicateurs sous-jacents de la malnutrition chronique \u00e9tudi\u00e9s par la PNIN pr\u00e9sentent encore des vuln\u00e9rabilit\u00e9s majeures avec des gaps \u00e9normes \u00e0 combler.<\/p>\n<p style=\"text-align: justify;\">Si les tendances actuelles de ces indicateurs se maintennent dans le temps, le Niger atteindrait les seuils retenus au plus t\u00f4t en 2025 pour l\u2019apport en \u00e9nergie alimentaire par personne et par jour et en\u00a02152 pour l\u2019acc\u00e8s optimal \u00e0 des services d\u2019assainissement am\u00e9lior\u00e9s. De m\u00eame, la couverture des interventions d\u2019alimentation du nourrisson et du jeune enfant est rest\u00e9e tr\u00e8s faible et progresse lentement pour tous les indicateurs \u00e0 l\u2019exception de l\u2019allaitement maternel exclusif et la fr\u00e9quence minimale des repas. Si les efforts actuels se maintiennent pour l\u2019allaitement maternel exclusif, l\u2019objectif de l\u2019ODD2 de 70\u00a0% de pratique de l\u2019allaitement exclusif serait atteint en 2033.<\/p>\n<ol style=\"text-align: justify;\" start=\"3\">\n<li>\u00c0 NIAMEY, PAS DE FATALIT\u00c9 POUR RENVERSER LES TENDANCES DE LA MALNUTRITION CHRONIQUE<\/li>\n<\/ol>\n<p style=\"text-align: justify;\">Niamey se d\u00e9marque des autres r\u00e9gions avec une pr\u00e9valence de la malnutrition chronique de niveau moyen (au dessous du seuil critique) chez les enfants de moins de 5\u00a0ans. Toutes les autres r\u00e9gions pr\u00e9sentent des pr\u00e9valences tr\u00e8s \u00e9lev\u00e9es avec plus de la moiti\u00e9 des enfants affect\u00e9s \u00e0 Maradi et Zinder. <strong>La<\/strong> <strong>t<\/strong><strong>endance<\/strong> <strong>r<\/strong><strong>\u00e9guli\u00e8<\/strong><strong>r<\/strong><strong>e<\/strong> <strong>\u00e0<\/strong> <strong>la<\/strong> <strong>baisse<\/strong> de la malnutrition chronique chez les enfants de moins de 5\u00a0ans \u00e0 <strong>Niam<\/strong><strong>e<\/strong><strong>y <\/strong>r\u00e9v\u00e8le qu\u2019il n y a pas de fatalit\u00e9 dans la lutte contre ce fl\u00e9au au Niger. Les tendances de quelques d\u00e9terminants \u00e9tudi\u00e9s suivent un gradient croissant avec Niamey pr\u00e9sentant les meilleures couvertures et conditions sociod\u00e9mographiques favorables \u00e0 une meilleure nutrition des populations et \u00e0 l\u2019oppos\u00e9 Zinder et Maradi enregistrant des couvertures les plus faibles.<\/p>\n<p style=\"text-align: justify;\">La forte pr\u00e9valence de la malnutrition chronique dans certaines r\u00e9gions comme par exemple Maradi et Zinder risque de durer en <strong>l<\/strong><strong>\u2019<\/strong><strong>a<\/strong><strong>b<\/strong><strong>sence<\/strong> <strong>de<\/strong> <strong>chan<\/strong><strong>g<\/strong><strong>eme<\/strong><strong>n<\/strong><strong>t de <\/strong><strong>c<\/strong><strong>ompor<\/strong><strong>t<\/strong><strong>eme<\/strong><strong>n<\/strong><strong>ts<\/strong> en mati\u00e8re\u00a0: 1)de reproduction, 2)de diversification de la production, 3)\u00a0de consommation alimentaires et de recentrage des d\u00e9penses des chefs de familles et\u00a0; 4)\u00a0d\u2019Unit\u00e9 de Production Agricole (UPA) vers la sant\u00e9 et la nutrition des groupes vuln\u00e9rables au niveau familial.<\/p>\n<p style=\"text-align: justify;\">Par ailleurs, les aspects \u00e9tudi\u00e9s pour garantir un environnement favorable \u00e0 la r\u00e9duction de la malnutrition chronique chez les enfants de moins de 5\u00a0ans (sous-alimentation, pouvoir d\u2019achat, croissance d\u00e9mographique, acc\u00e8s aux soins de sant\u00e9, ins\u00e9curit\u00e9 et changement climatique) montrent \u00e9galement des d\u00e9fis importants que le pays doit relever pour amorcer son d\u00e9veloppement socio-\u00e9conomique et inverser les tendances d\u00e9favorables actuelles. Ces facteurs sont susceptibles de freiner la r\u00e9duction du nombre d\u2019enfants atteints de malnutrition chronique. De m\u00eame, ils ne sont pas pris en compte dans les politiques et programme de nutrition en g\u00e9n\u00e9ral et de la Politique Nationale de S\u00e9curit\u00e9 Nutritionnelle (PNSN) en particulier.<\/p>\n<ol style=\"text-align: justify;\" start=\"4\">\n<li>CONCLUSIONS ET REC OMMANDATIONS<\/li>\n<\/ol>\n<p style=\"text-align: justify;\">Les tendances \u00e0 la hausse reguli\u00e8re du nombre de nouveaux cas annuels de malnutrition chronique chez les enfants de moins de 5\u00a0ans sont inqui\u00e9tantes et rendent quasimment impossible l\u2019atteinte des cibles de l\u2019AMS et de l\u2019ODD\u00a02 si le statuquo en mati\u00e8re de r\u00e9ponse est maintenu au fil du temps. Cette absence de progr\u00e8s s\u2019explique amplement par les niveaux de couverture des interventions multisectorielles tr\u00e8s insuffisants pour l\u2019ensemble des d\u00e9terminants y compris ceux d\u2019un envronnement favorable \u00e0 la malnutrition chronique chez les enfants de moins 5\u00a0ans. Quatre principales recommandations ou <strong>appel \u00e0 l<\/strong><strong>\u2019<\/strong><strong>action<\/strong> d\u00e9coulent des analyses\u00a0:<\/p>\n<ol style=\"text-align: justify;\">\n<li><strong>En<\/strong><strong>g<\/strong><strong>a<\/strong><strong>g<\/strong><strong>er<\/strong> <strong>le<\/strong> <strong>dialogue<\/strong> <strong>sur<\/strong> <strong>les<\/strong> <strong>politiques<\/strong> <strong>e<\/strong><strong>t<\/strong> <strong>p<\/strong><strong>r<\/strong><strong>ogrammes<\/strong> <strong>\u00e0<\/strong> <strong>m<\/strong><strong>e<\/strong><strong>tt<\/strong><strong>r<\/strong><strong>e<\/strong> <strong>en<\/strong> <strong>\u0153uv<\/strong><strong>r<\/strong><strong>e<\/strong> <strong>de<\/strong> <strong>f<\/strong><strong>a<\/strong><strong>\u00e7<\/strong><strong>on u<\/strong><strong>rg<\/strong><strong>e<\/strong><strong>nt<\/strong><strong>e<\/strong> pour acc\u00e9l\u00e9rer les progr\u00e8s dans la couverture des interventions \u00e0 haut impact sur la r\u00e9duction de la malnutrition chronique chez les enfants de moins de 5\u00a0ans\u00a0;<\/li>\n<li><strong>R<\/strong><strong>\u00e9gionaliser<\/strong> <strong>le<\/strong> <strong>d<\/strong><strong>\u00e9<\/strong><strong>v<\/strong><strong>eloppeme<\/strong><strong>n<\/strong><strong>t<\/strong> <strong>inclusif<\/strong> <strong>e<\/strong><strong>t<\/strong> <strong>les<\/strong> <strong>p<\/strong><strong>r<\/strong><strong>ogrammes<\/strong> <strong>de<\/strong> <strong>p<\/strong><strong>r<\/strong><strong>\u00e9<\/strong><strong>v<\/strong><strong>e<\/strong><strong>n<\/strong><strong>tion<\/strong> <strong>de<\/strong> <strong>la malnutrition<\/strong> <strong>ch<\/strong><strong>r<\/strong><strong>onique<\/strong> dans la perspective de r\u00e9duire les <strong>dispari<\/strong><strong>t<\/strong><strong>\u00e9s<\/strong> <strong>r<\/strong><strong>\u00e9gionales<\/strong> <strong>de <\/strong><strong>c<\/strong><strong>ou<\/strong><strong>v<\/strong><strong>ertu<\/strong><strong>r<\/strong><strong>e des i<\/strong><strong>n<\/strong><strong>t<\/strong><strong>e<\/strong><strong>r<\/strong><strong>v<\/strong><strong>e<\/strong><strong>n<\/strong><strong>tions.<\/strong><\/li>\n<li>Cr\u00e9er les conditions pour un environnement favorable \u00e0 la r\u00e9duction de la malnutrition chronique chez les enfants de moins de 5ans en s\u2019attaquant de fa\u00e7on m\u00e9thodique au <strong>d<\/strong><strong>\u00e9<\/strong><strong>fi<\/strong> <strong>d\u00e9mographique<\/strong>, <strong>en<\/strong> <strong>am\u00e9liora<\/strong><strong>n<\/strong><strong>t<\/strong> <strong>le<\/strong> <strong>pou<\/strong><strong>v<\/strong><strong>oir<\/strong> <strong>d<\/strong><strong>\u2019<\/strong><strong>ach<\/strong><strong>a<\/strong><strong>t<\/strong> <strong>e<\/strong><strong>t<\/strong> <strong>la<\/strong> <strong>r<\/strong><strong>\u00e9di<\/strong><strong>s<\/strong><strong>tribution des richesses<\/strong>, en intensifiant les efforts en cours pour la r\u00e9duction de l\u2019incidence de l\u2019extr\u00eame pauvret\u00e9 et en renfor\u00e7ant les m\u00e9canismes de coordination et de convergence des financements li\u00e9s \u00e0 la nutrition.<\/li>\n<li><strong>R<\/strong><strong>e<\/strong><strong>n<\/strong><strong>f<\/strong><strong>o<\/strong><strong>r<\/strong><strong>cer<\/strong> <strong>le<\/strong> <strong>S<\/strong><strong>y<\/strong><strong>s<\/strong><strong>t<\/strong><strong>\u00e8me<\/strong> <strong>d\u2019i<\/strong><strong>n<\/strong><strong>f<\/strong><strong>orm<\/strong><strong>a<\/strong><strong>tion<\/strong> <strong>multisec<\/strong><strong>t<\/strong><strong>oriel<\/strong> <strong>sur<\/strong> <strong>la<\/strong> <strong>nutrition<\/strong> <strong>(ce<\/strong><strong>n<\/strong><strong>tral<\/strong> <strong>e<\/strong><strong>t Sec<\/strong><strong>t<\/strong><strong>oriel)<\/strong> <strong>e<\/strong><strong>t<\/strong> <strong>le<\/strong> <strong>S<\/strong><strong>y<\/strong><strong>s<\/strong><strong>t<\/strong><strong>\u00e8me<\/strong> <strong>S<\/strong><strong>ta<\/strong><strong>ti<\/strong><strong>s<\/strong><strong>tique<\/strong> <strong>N<\/strong><strong>a<\/strong><strong>tional <\/strong>afin d\u2019am\u00e9liorer la qualit\u00e9 des donn\u00e9es, leur diffusion et leur accessibilit\u00e9 en particulier sur l\u2019alimentation du nourrisson et du jeune enfant, pillier de la connaissance est insdispensable \u00e0 l\u2019orientation des politiques publiques dans le domaine de la nutrition.<\/li>\n<\/ol>\n<p style=\"text-align: justify;\">Le programme PNIN fait partie des initiatives nationales de soutien \u00e0 la mise en \u0153uvre de la Politique Nationale de S\u00e9curit\u00e9 Nutritionnelle (PNSN), politique qui s\u2019inscrit dans le cadre du Plan de D\u00e9veloppement \u00c9conomique et Social (PDES 2017-2021) du Niger. Le Programme PNIN s\u2019inscrit \u00e9galement dans la vision de la Strat\u00e9gie Nationale de D\u00e9veloppement de la Statistique (SNDS 2017-2021).<\/p>\n<p style=\"text-align: justify;\"><strong>Liens vers les rapports d\u2019analyse<\/strong>\u00a0:<\/p>\n<ul>\n<li style=\"text-align: justify;\"><em>PNIN, \u00ab\u00a0Approche m\u00e9thodologique mise en place pour r\u00e9pondre \u00e0 la question N\u00b01 du Plan Cadre d\u2019Analyses de la PNIN\u00a0\u00bb, 28\u00a0p., Janvier 2020.<\/em><\/li>\n<li style=\"text-align: justify;\"><em>PNIN, \u00ab\u00a0Tendances de la Malnutrition Chronique des enfants de moins de 5\u00a0ans et de ses d\u00e9terminants au niveau national\u00a0\u00bb, 56\u00a0p., Janvier 2020.<\/em><\/li>\n<li style=\"text-align: justify;\"><em>PNIN, \u00ab\u00a0Tendances de la Malnutrition Chronique des enfants de moins de 5\u00a0ans et de ses d\u00e9terminants au niveau r\u00e9gional\u00a0\u00bb, 44\u00a0p., Janvier 2020<\/em>.<\/li>\n<\/ul>\n","protected":false},"excerpt":{"rendered":"<p>Dans le cadre de la mise en \u0153uvre du Plan Cadre d\u2019Analyses de la PNIN en 2019, les analyses faites ont permis de r\u00e9pondre \u00e0 la question N\u00b01 compos\u00e9 de 8\u00a0sous-questions. Les questions portant sur les tendances de la malnutrition chronique des enfants de moins de 5\u00a0ans et de ses d\u00e9terminants ont \u00e9t\u00e9 trait\u00e9s avec &hellip;<\/p>\n","protected":false},"author":1,"featured_media":1110,"comment_status":"open","ping_status":"open","sticky":false,"template":"","format":"standard","meta":{"footnotes":""},"categories":[1],"tags":[],"_links":{"self":[{"href":"https:\/\/pnin-niger.org\/web\/index.php?rest_route=\/wp\/v2\/posts\/1106"}],"collection":[{"href":"https:\/\/pnin-niger.org\/web\/index.php?rest_route=\/wp\/v2\/posts"}],"about":[{"href":"https:\/\/pnin-niger.org\/web\/index.php?rest_route=\/wp\/v2\/types\/post"}],"author":[{"embeddable":true,"href":"https:\/\/pnin-niger.org\/web\/index.php?rest_route=\/wp\/v2\/users\/1"}],"replies":[{"embeddable":true,"href":"https:\/\/pnin-niger.org\/web\/index.php?rest_route=%2Fwp%2Fv2%2Fcomments&post=1106"}],"version-history":[{"count":1,"href":"https:\/\/pnin-niger.org\/web\/index.php?rest_route=\/wp\/v2\/posts\/1106\/revisions"}],"predecessor-version":[{"id":1107,"href":"https:\/\/pnin-niger.org\/web\/index.php?rest_route=\/wp\/v2\/posts\/1106\/revisions\/1107"}],"wp:featuredmedia":[{"embeddable":true,"href":"https:\/\/pnin-niger.org\/web\/index.php?rest_route=\/wp\/v2\/media\/1110"}],"wp:attachment":[{"href":"https:\/\/pnin-niger.org\/web\/index.php?rest_route=%2Fwp%2Fv2%2Fmedia&parent=1106"}],"wp:term":[{"taxonomy":"category","embeddable":true,"href":"https:\/\/pnin-niger.org\/web\/index.php?rest_route=%2Fwp%2Fv2%2Fcategories&post=1106"},{"taxonomy":"post_tag","embeddable":true,"href":"https:\/\/pnin-niger.org\/web\/index.php?rest_route=%2Fwp%2Fv2%2Ftags&post=1106"}],"curies":[{"name":"wp","href":"https:\/\/api.w.org\/{rel}","templated":true}]}}