{"id":1127,"date":"2020-07-26T16:56:36","date_gmt":"2020-07-26T16:56:36","guid":{"rendered":"https:\/\/pnin-niger.org\/web\/?p=1127"},"modified":"2023-11-01T12:55:07","modified_gmt":"2023-11-01T12:55:07","slug":"etude-sur-la-dynamique-de-la-vulnerabilite-a-linsecurite-alimentaire-des-menages-en-milieu-rural-au-niger","status":"publish","type":"post","link":"https:\/\/pnin-niger.org\/web\/?p=1127","title":{"rendered":"\u00c9tude sur la dynamique de la vuln\u00e9rabilit\u00e9 \u00e0 l\u2019ins\u00e9curit\u00e9 alimentaire des m\u00e9nages en milieu rural au Niger"},"content":{"rendered":"<p style=\"text-align: justify;\">Dans le cadre de la lutte contre la faim, le Niger a adopt\u00e9 plusieurs strat\u00e9gies dont la Politique Nationale de Protection Sociale de 2011, le Dispositif National de S\u00e9curit\u00e9 Nutritionnelle au Niger (2016-2025), le Projet Filets Sociaux, l\u2019Initiative 3N \u00ab\u00a0Les Nig\u00e9riens Nourrissent les Nig\u00e9riens\u00a0\u00bb (I3N) et le Syst\u00e8me d\u2019Alerte Pr\u00e9coce (SAP). Malgr\u00e9 ces strat\u00e9gies et programmes, la proportion de m\u00e9nages vuln\u00e9rables \u00e0 l\u2019ins\u00e9curit\u00e9 alimentaire est d\u2019environ 30\u00a0% en 2018 et la vuln\u00e9rabilit\u00e9 \u00e0 l\u2019ins\u00e9curit\u00e9 alimentaire demeure une pr\u00e9occupation majeure des autorit\u00e9s du Niger. Cette situation soul\u00e8ve les interrogations suivantes\u00a0:<\/p>\n<p style=\"text-align: justify;\">Comment et \u00e0 quel rythme les m\u00e9nages en situation de vuln\u00e9rabilit\u00e9 changent-ils d\u2019\u00e9tats alimentaires\u00a0?<\/p>\n<p style=\"text-align: justify;\">Quelle est la tendance future des m\u00e9nages vuln\u00e9rables selon les classes d\u2019ins\u00e9curit\u00e9 alimentaire\u00a0?<\/p>\n<p style=\"text-align: justify;\">Quelles sont les mesures possibles qui permettraient de combattre plus efficacement cette vuln\u00e9rabilit\u00e9 \u00e0 l\u2019ins\u00e9curit\u00e9 alimentaire\u00a0?<\/p>\n<p style=\"text-align: justify;\">L\u2019ensemble de ces questions fait ressortir la complexit\u00e9 du ph\u00e9nom\u00e8ne de vuln\u00e9rabilit\u00e9 \u00e0 l\u2019ins\u00e9curit\u00e9 alimentaire. L\u2019\u00e9tude sur \u00ab<strong>\u00a0<\/strong><em>la dynamique de la vuln\u00e9rabilit\u00e9 \u00e0 l\u2019ins\u00e9curit\u00e9 alimentaire des m\u00e9nages en milieu rural au Niger<\/em><strong>\u00a0<\/strong>\u00bb s\u2019inscrit dans <strong>la contribution du milieu acad\u00e9mique dans la perspective de la valorisation des donn\u00e9es multisectorielles sur la nutrition, soutenue par la PNIN<\/strong>. Conduite dans le cadre du m\u00e9moire professionnel des \u00c9l\u00e8ves Ing\u00e9nieurs Statisticiens \u00c9conomistes de l\u2019\u00c9cole Nationale de la Statistique et de l\u2019Analyse \u00c9conomique (ENSAE Dakar), l\u2019\u00e9tude se base sur les enqu\u00eates sur la Vuln\u00e9rabilit\u00e9 \u00e0 l&rsquo;Ins\u00e9curit\u00e9 Alimentaire des M\u00e9nages (EVIAM) r\u00e9alis\u00e9es par l\u2019Institut National de la Statistique (INS).<\/p>\n<p style=\"text-align: justify;\"><strong>De 2010 \u00e0 2013, il a eu une d\u00e9gradation de la s\u00e9curit\u00e9 alimentaire<\/strong>. En 2010, 30,4\u00a0% des m\u00e9nages \u00e9taient \u00ab\u00a0vuln\u00e9rables\u00a0\u00bb \u00e0 l\u2019ins\u00e9curit\u00e9 alimentaire contre 47\u00a0% en 2013. Alors que 55,8\u00a0% des m\u00e9nages \u00e9taient en s\u00e9curit\u00e9 alimentaire en 2010, cette proportion baisse \u00e0 29,2\u00a0% en 2013. <strong>Sur la p\u00e9riode 2013-2018, la s\u00e9curit\u00e9 alimentaire s\u2019est am\u00e9lior\u00e9e<\/strong>. Ainsi, la proportion de m\u00e9nages \u00ab\u00a0vuln\u00e9rables\u00a0\u00bb \u00e0 l\u2019ins\u00e9curit\u00e9 alimentaire passe de 46,9\u00a0% en 2013 \u00e0 29,1\u00a0% en 2018. Malgr\u00e9 ces fluctuations<strong>, il y a peu de progr\u00e8s en mati\u00e8re de s\u00e9curit\u00e9 alimentaire<\/strong> puisque la moiti\u00e9 des m\u00e9nages en situation de s\u00e9curit\u00e9 alimentaire le reste. En effet, le taux de s\u00e9dentarisation est de 29,4\u00a0% pour la p\u00e9riode 2010-2013 et de 28,8\u00a0% pour la p\u00e9riode 2013-2018 expliquant une forte mobilit\u00e9 de passer d\u2019un \u00e9tat de s\u00e9curit\u00e9 alimentaire \u00e0 un autre en particulier pour les populations les plus vuln\u00e9rables. Au cours des p\u00e9riodes \u00e9tudi\u00e9es (2010-2013 et 2013-2018), 1\u00a0m\u00e9nage en situation de vuln\u00e9rabilit\u00e9 sur cinq (5) a connu un basculement d\u00e9favorable en passant d\u2019une situation de vuln\u00e9rabilit\u00e9 \u00e0 une situation d\u2019ins\u00e9curit\u00e9 alimentaire \u00ab\u00a0mod\u00e9r\u00e9e\u00a0\u00bb ou \u00ab\u00a0s\u00e9v\u00e8re\u00a0\u00bb.<\/p>\n<p style=\"text-align: justify;\">Selon l\u2019\u00e9tude, <strong>il y a une rapide transision des m\u00e9nages de la vuln\u00e9rabilit\u00e9 \u00e0 la s\u00e9curit\u00e9 alimentaire<\/strong> car la transition des m\u00e9nages de la classe des m\u00e9nages \u00ab\u00a0vuln\u00e9rables\u00a0\u00bb \u00e0 la classe de m\u00e9nages en \u00ab\u00a0s\u00e9curit\u00e9\u00a0\u00bb alimentaire est plus rapide que la transition des m\u00e9nages de la classe des m\u00e9nages \u00ab\u00a0vuln\u00e9rables\u00a0\u00bb \u00e0 la classe des m\u00e9nages en ins\u00e9curit\u00e9 alimentaire \u00ab\u00a0mod\u00e9r\u00e9e\u00a0\u00bb et en ins\u00e9curit\u00e9 alimentaire \u00ab\u00a0s\u00e9v\u00e8re\u00a0\u00bb. Les politiques de protection sociale et de la r\u00e9duction des in\u00e9galit\u00e9s dans le cadre de la lutte contre la pauvret\u00e9 peuvent expliquer la r\u00e9sistance des m\u00e9nages vuln\u00e9rables \u00e0 basculer dans l\u2019ins\u00e9curit\u00e9 alimentaire s\u00e9v\u00e8re.<\/p>\n<p style=\"text-align: justify;\"><strong>La vuln\u00e9rabilit\u00e9 \u00e0 l\u2019ins\u00e9curit\u00e9 aliementaire persiste en l\u2019absence de choc et sur le long terme<\/strong>. Selon les mod\u00e8les de pr\u00e9vision de l\u2019\u00e9tude, en l\u2019absence de choc \u00e9ventuel et de maintien des politiques existantes, 1\u00a0m\u00e9nage du 2 en \u00e9tat de s\u00e9curit\u00e9 alimentaire resterait en s\u00e9curit\u00e9 alimentaire. Ainsi, il importe de poursuivre les strat\u00e9gies de protection sociale mises en place concourant \u00e0 r\u00e9duire davantage l\u2019ins\u00e9curit\u00e9 alimentaire. Cependant les actions doivent \u00eatre renforc\u00e9es sur des actions plus p\u00e9rennes compte tenu de la forte mobilit\u00e9 des m\u00e9nages d\u2019un \u00e9tat de s\u00e9curit\u00e9 alimentaire \u00e0 un autre. <strong>La mobilit\u00e9 entre les diff\u00e9rents \u00e9tats d\u2019ins\u00e9curit\u00e9 alimentaire est forte<\/strong>. Selon les indices de mobilit\u00e9 qui permettent de savoir les m\u00e9nages changent rapidement ou lentement d\u2019\u00e9tat alimentaire, la mobilit\u00e9 est plus orient\u00e9e vers les \u00e9tats alimentaires favorables.<\/p>\n<p style=\"text-align: justify;\">Selon les r\u00e9sultats de cette \u00e9tude, <strong>les recommandations<\/strong> portents sur l\u2019importance de\u00a0:<\/p>\n<p style=\"text-align: justify;\">Maintenir les politiques d\u00e9j\u00e0 en place mais avec plus de ciblage concernant les transferts vers les m\u00e9nages les plus d\u00e9munis tels que les m\u00e9nages dirig\u00e9s par des femmes, dirig\u00e9s par des chefs veufs\u00a0;<\/p>\n<p style=\"text-align: justify;\">Maintenir les politiques d\u00e9j\u00e0 en place avec un ciblage des r\u00e9gions les plus vuln\u00e9rables, les m\u00e9nages de la r\u00e9gion de Tahoua en particulier qui compte la plus grande proportion de m\u00e9nages vuln\u00e9rables selon l\u2019\u00e9tude\u00a0;<\/p>\n<p style=\"text-align: justify;\">Apporter des aides particuli\u00e8res aux m\u00e9nages ayant connu un choc en l\u2019occurrence la perte d\u2019emploi du chef de m\u00e9nage, vols, d\u00e9penses exceptionnelles de sant\u00e9. Les aides particuli\u00e8res ne doivent pas s\u2019inscrire dans une logique d\u2019urgence, mais dans une logique \u00e0 moyen et \u00e0 long terme comme le signale les fortes mobilit\u00e9s et les dur\u00e9es de transition d\u2019un \u00e9tat de s\u00e9curit\u00e9 alimentaire \u00e0 un autre\u00a0;<\/p>\n<p style=\"text-align: justify;\">Promouvoir et appuyer les m\u00e9nages dans les activit\u00e9s g\u00e9n\u00e9ratrices de revenus. Au-del\u00e0 de la mise en \u0153uvre d\u2019actions multisectorielles, la cr\u00e9ation de bassin d\u2019emploi, l\u2019innovation, la soutien des activit\u00e9s \u00e9conomiques et la commercialisation, le transport de marchandises et la facilitation de la distribution des produits locaux sont autant d\u2019actions \u00e0 mener pour garantir la s\u00e9curit\u00e9 alimentaire (exemple du projet de mobilisation des eaux pour le renforcement de la s\u00e9curit\u00e9 alimentaire dans les r\u00e9gions de Maradi, Tahoua et Zinder (PMERSA-MTZ) sur la p\u00e9riode 2010-2018)\u00a0;<\/p>\n<p style=\"text-align: justify;\">R\u00e9aliser \u00e0 la m\u00eame p\u00e9riode de chaque ann\u00e9e les enqu\u00eates EVIAM, afin de mieux comparer les r\u00e9sultats des \u00e9tudes et mieux orienter les politiques publiques dans le domaine de la nutrition.<\/p>\n<p style=\"text-align: justify;\">La publication de ce pr\u00e9sent synopsis r\u00e9sume les r\u00e9sultats et recommandations du rapport r\u00e9alis\u00e9 par Souleymane Hamadou qui s\u2019inscrit dans le cadre du cycle de valorisation de la\u00a0 Plateforme Nationale d\u2019Information pour la Nutrition (PNIN).<\/p>\n","protected":false},"excerpt":{"rendered":"<p>Dans le cadre de la lutte contre la faim, le Niger a adopt\u00e9 plusieurs strat\u00e9gies dont la Politique Nationale de Protection Sociale de 2011, le Dispositif National de S\u00e9curit\u00e9 Nutritionnelle au Niger (2016-2025), le Projet Filets Sociaux, l\u2019Initiative 3N \u00ab\u00a0Les Nig\u00e9riens Nourrissent les Nig\u00e9riens\u00a0\u00bb (I3N) et le Syst\u00e8me d\u2019Alerte Pr\u00e9coce (SAP). Malgr\u00e9 ces strat\u00e9gies et &hellip;<\/p>\n","protected":false},"author":1,"featured_media":1130,"comment_status":"open","ping_status":"open","sticky":false,"template":"","format":"standard","meta":{"footnotes":""},"categories":[216],"tags":[],"_links":{"self":[{"href":"https:\/\/pnin-niger.org\/web\/index.php?rest_route=\/wp\/v2\/posts\/1127"}],"collection":[{"href":"https:\/\/pnin-niger.org\/web\/index.php?rest_route=\/wp\/v2\/posts"}],"about":[{"href":"https:\/\/pnin-niger.org\/web\/index.php?rest_route=\/wp\/v2\/types\/post"}],"author":[{"embeddable":true,"href":"https:\/\/pnin-niger.org\/web\/index.php?rest_route=\/wp\/v2\/users\/1"}],"replies":[{"embeddable":true,"href":"https:\/\/pnin-niger.org\/web\/index.php?rest_route=%2Fwp%2Fv2%2Fcomments&post=1127"}],"version-history":[{"count":2,"href":"https:\/\/pnin-niger.org\/web\/index.php?rest_route=\/wp\/v2\/posts\/1127\/revisions"}],"predecessor-version":[{"id":1129,"href":"https:\/\/pnin-niger.org\/web\/index.php?rest_route=\/wp\/v2\/posts\/1127\/revisions\/1129"}],"wp:featuredmedia":[{"embeddable":true,"href":"https:\/\/pnin-niger.org\/web\/index.php?rest_route=\/wp\/v2\/media\/1130"}],"wp:attachment":[{"href":"https:\/\/pnin-niger.org\/web\/index.php?rest_route=%2Fwp%2Fv2%2Fmedia&parent=1127"}],"wp:term":[{"taxonomy":"category","embeddable":true,"href":"https:\/\/pnin-niger.org\/web\/index.php?rest_route=%2Fwp%2Fv2%2Fcategories&post=1127"},{"taxonomy":"post_tag","embeddable":true,"href":"https:\/\/pnin-niger.org\/web\/index.php?rest_route=%2Fwp%2Fv2%2Ftags&post=1127"}],"curies":[{"name":"wp","href":"https:\/\/api.w.org\/{rel}","templated":true}]}}