{"id":1218,"date":"2021-02-22T14:18:17","date_gmt":"2021-02-22T14:18:17","guid":{"rendered":"https:\/\/pnin-niger.org\/web\/?p=1218"},"modified":"2023-11-01T12:54:13","modified_gmt":"2023-11-01T12:54:13","slug":"rapport-n9-sur-les-sources-de-la-baisse-de-la-prevalence-du-retard-de-croissance-chez-les-enfants-de-moins-de-cinq-5-ans-au-niger-de-2006-a-2012-cas-de-la-ville-de-niamey","status":"publish","type":"post","link":"https:\/\/pnin-niger.org\/web\/?p=1218","title":{"rendered":"Rapport N\u00b09 sur les Sources de la baisse de la pr\u00e9valence du retard de croissance chez les enfants de moins de cinq (5) ans au Niger de 2006 \u00e0 2012 : cas de la ville de Niamey"},"content":{"rendered":"<p>Au Niger, les tendances de la malnutrition chronique des enfants de moins de cinq (5)\u00a0ans au niveau des r\u00e9gions divergent\u00a0: les r\u00e9gions de Zinder et de Maradi ont les pr\u00e9valences les plus \u00e9lev\u00e9es (sup\u00e9rieures \u00e0 60\u00a0%), suivies des r\u00e9gions de Diffa, Tahoua, Dosso et Agadez qui ont des pr\u00e9valences sup\u00e9rieures \u00e0 30\u00a0% (SMART\u00a02018). Enfin, la r\u00e9gion de Niamey a une pr\u00e9valence moyenne inf\u00e9rieure \u00e0 20\u00a0%. Selon l\u2019analyse des tendances effectu\u00e9es par la PNIN, \u00ab\u00a0<em>Le d\u00e9fi majeur est donc de maintenir et d\u2019acc\u00e9l\u00e9rer la tendance r\u00e9guli\u00e8re \u00e0 la baisse de la malnutrition chronique observ\u00e9e \u00e0 Niamey et de renverser dans le m\u00eame temps celles observ\u00e9es dans toutes les autres r\u00e9gions<\/em>\u00a0\u00bb. Ainsi, la pr\u00e9sente analyse se propose de contribuer \u00e0 une meilleure connaissance des sources de changement du retard de croissance chez les enfants de moins de cinq (5)\u00a0ans \u00e0 Niamey \u00e0 partir des donn\u00e9es des Enqu\u00eates D\u00e9mographiques et de Sant\u00e9 et \u00e0 Indicateurs Multiples (EDSN-MICS de 2006 et 2012). Cette analyse se base sur une approche descriptive de la <strong>d\u00e9composition<\/strong> (simple et avanc\u00e9e) et permet non seulement de valoriser les donn\u00e9es existantes mais \u00e9galement d\u2019essayer de comprendre les facteurs sous-jacents ayant particip\u00e9 \u00e0 la baisse de la pr\u00e9valence de la malnutrition chronique si particuli\u00e8re \u00e0 Niamey.<\/p>\n<p>Selon les r\u00e9sultats issus de la d\u00e9composition de base, la baisse du niveau de retard de croissance chez les enfants de moins de (5)\u00a0cinq ans incombe \u00e0 la fois \u00e0 <strong>une modification de la structure des enfants et \u00e0 l\u2019effet de performance des politiques<\/strong>. Mettant en avant la m\u00e9thodologie utilis\u00e9e, l\u2019article permet d\u2019identifier les groupes ayant le plus favoris\u00e9 la baisse de la pr\u00e9valence de la malnutrition chronique \u00e0 Niamey (instruction, niveau de vie, r\u00e9gime alimentaire) ou au contraire ceux ayant contribu\u00e9 \u00e0 entraver la baisse de cette pr\u00e9valence (notamment les m\u00e9nages ayant un niveau de vie moyen).<\/p>\n<p>L\u2019\u00e9mergence des classes moyennes urbaines suscite de l\u2019espoir pour le d\u00e9veloppement urbain et la r\u00e9duction progressive des in\u00e9galit\u00e9s. Cependant au Niger, les classes moyennes urbaines se pr\u00e9carisent et repr\u00e9sentent une grande vuln\u00e9rabilit\u00e9 \u00e0 la malnutrition chronique chez les enfants de moins de cinq (5)\u00a0ans. Cette \u00e9tude alerte sur la n\u00e9cessit\u00e9 <strong>de nuancer l\u2019optimisme de d\u00e9veloppement suscit\u00e9 par cette classe sociale et le besoin d\u2019initier des actions urgentes en sa faveur pour acc\u00e9l\u00e9rer les progr\u00e8s de lutte contre la malnutrition chronique chez les enfants de moins de cinq (5)\u00a0ans \u00e0 Niamey<\/strong>.<\/p>\n<p>Les r\u00e9sultats de cette \u00e9tude suscitent quelques implications politiques pour les classes \u00ab\u00a0moyennes\u00a0\u00bb et \u00ab\u00a0pauvres\u00a0\u00bb de Niamey\u00a0:<\/p>\n<ul>\n<li><strong>Intensifier les politiques visant \u00e0 am\u00e9liorer la performance du syst\u00e8me de sant\u00e9 et l\u2019acc\u00e8s aux soins pour une am\u00e9lioration des conditions sanitaires et nutritionnelles<\/strong>, vue la pr\u00e9pond\u00e9rance de l\u2019effet de performance de base du niveau de retard de croissance. Ces politiques doivent prioriser par exemple le financement efficient du syst\u00e8me de sant\u00e9 dont l\u2019approche bas\u00e9e sur la performance et l\u2019am\u00e9lioration de la couverture des interventions pr\u00e9ventives de nutrition. Elles doivent aussi consacrer des investissements de masse dans le domaine de l\u2019hygi\u00e8ne, de l\u2019assainissement et de la sant\u00e9 publique\u00a0;<\/li>\n<li><strong>Promouvoir et intensifier les \u00e9missions m\u00e9diatiques sur l\u2019\u00e9ducation nutritionnelle des filles<\/strong> (futures m\u00e8res) combin\u00e9es aux actions communautaires de diffusion du savoir \u00e0 travers les m\u00e9dias et les campagnes de communication pour le changement de comportement (CCC) pour l\u2019accomplissement des pratiques ad\u00e9quates de soins nutritionnels et de sant\u00e9 face \u00e0 un environnement socioculturel communautaire et familial moins favorable aux universels modernes\u00a0;<\/li>\n<li><strong>Intensifier les politiques \u00e9conomique et sociale de lutte contre la pauvret\u00e9 dans les m\u00e9nages \u00ab\u00a0pauvres\u00a0\u00bb et \u00ab\u00a0moyens\u00a0\u00bb<\/strong> \u00e0 plus \u00ab faible \u00bb par la promotion d\u2019une politique sociale bas\u00e9e sur une approche int\u00e9gr\u00e9e dans la conception des programmes et projets de d\u00e9veloppement inclusifs et \u00e9quitables (syst\u00e8mes alimentaires, commerce, \u00e9ducation, assainissement, hygi\u00e8ne, approvisionnement agro-alimentaire et aliments de compl\u00e9ments fortifi\u00e9s en micronutriments comme par exemple les bouillies fortifi\u00e9es promues dans les quartiers p\u00e9ri-urbains de Niamey, etc.) \u00e0 m\u00eame d\u2019am\u00e9liorer le statut nutritionnel de l\u2019enfant\u00a0;<\/li>\n<li><strong>Faire davantage des campagnes de sensibilisation aupr\u00e8s des m\u00e8res <\/strong>pour leur pr\u00e9senter les bienfaits d\u2019une bonne alimentation diversifi\u00e9e sur le d\u00e9veloppement physique et cognitif de leurs enfants.<\/li>\n<\/ul>\n<p><em><a href=\"https:\/\/pnin-niger.org\/web\/wp-content\/uploads\/2021\/02\/Rapport-N9_Baisse-de-la-MC_Niamey_VF_23_02_2021.pdf\">Rapport N9_Baisse de la MC_Niamey_VF_23_02_2021<\/a><\/em><\/p>\n","protected":false},"excerpt":{"rendered":"<p>Au Niger, les tendances de la malnutrition chronique des enfants de moins de cinq (5)\u00a0ans au niveau des r\u00e9gions divergent\u00a0: les r\u00e9gions de Zinder et de Maradi ont les pr\u00e9valences les plus \u00e9lev\u00e9es (sup\u00e9rieures \u00e0 60\u00a0%), suivies des r\u00e9gions de Diffa, Tahoua, Dosso et Agadez qui ont des pr\u00e9valences sup\u00e9rieures \u00e0 30\u00a0% (SMART\u00a02018). Enfin, la &hellip;<\/p>\n","protected":false},"author":1,"featured_media":1220,"comment_status":"open","ping_status":"open","sticky":false,"template":"","format":"standard","meta":{"footnotes":""},"categories":[216],"tags":[],"_links":{"self":[{"href":"https:\/\/pnin-niger.org\/web\/index.php?rest_route=\/wp\/v2\/posts\/1218"}],"collection":[{"href":"https:\/\/pnin-niger.org\/web\/index.php?rest_route=\/wp\/v2\/posts"}],"about":[{"href":"https:\/\/pnin-niger.org\/web\/index.php?rest_route=\/wp\/v2\/types\/post"}],"author":[{"embeddable":true,"href":"https:\/\/pnin-niger.org\/web\/index.php?rest_route=\/wp\/v2\/users\/1"}],"replies":[{"embeddable":true,"href":"https:\/\/pnin-niger.org\/web\/index.php?rest_route=%2Fwp%2Fv2%2Fcomments&post=1218"}],"version-history":[{"count":4,"href":"https:\/\/pnin-niger.org\/web\/index.php?rest_route=\/wp\/v2\/posts\/1218\/revisions"}],"predecessor-version":[{"id":1229,"href":"https:\/\/pnin-niger.org\/web\/index.php?rest_route=\/wp\/v2\/posts\/1218\/revisions\/1229"}],"wp:featuredmedia":[{"embeddable":true,"href":"https:\/\/pnin-niger.org\/web\/index.php?rest_route=\/wp\/v2\/media\/1220"}],"wp:attachment":[{"href":"https:\/\/pnin-niger.org\/web\/index.php?rest_route=%2Fwp%2Fv2%2Fmedia&parent=1218"}],"wp:term":[{"taxonomy":"category","embeddable":true,"href":"https:\/\/pnin-niger.org\/web\/index.php?rest_route=%2Fwp%2Fv2%2Fcategories&post=1218"},{"taxonomy":"post_tag","embeddable":true,"href":"https:\/\/pnin-niger.org\/web\/index.php?rest_route=%2Fwp%2Fv2%2Ftags&post=1218"}],"curies":[{"name":"wp","href":"https:\/\/api.w.org\/{rel}","templated":true}]}}