{"id":1706,"date":"2022-11-03T09:07:43","date_gmt":"2022-11-03T09:07:43","guid":{"rendered":"https:\/\/pnin-niger.org\/web\/?p=1706"},"modified":"2023-11-01T12:34:56","modified_gmt":"2023-11-01T12:34:56","slug":"atelier-delaboration-du-document-de-programmation-pluriannuelle-des-depenses-dppd-2023-2025-et-du-projet-annuel-de-performance-pap-2023-de-linstitut-national-de-la-stat","status":"publish","type":"post","link":"https:\/\/pnin-niger.org\/web\/?p=1706","title":{"rendered":"Atelier d\u2019\u00e9laboration du Document de Programmation Pluriannuelle des D\u00e9penses (DPPD) 2023 \u2013 2025 et du Projet Annuel de Performance (PAP) 2023 de l\u2019Institut National de la Statistique (INS)"},"content":{"rendered":"<p style=\"text-align: justify;\">La PNIN Niger a particip\u00e9 \u00e0 l\u2019atelier d\u2019\u00e9laboration du Document de Programmation Pluriannuelle des D\u00e9penses (DPPD) 2023 \u2013 2025 et du Projet Annuel de Performance (PAP) 2023 de l\u2019Institut National de la Statistique (INS), du 24 au 28 octobre 2022 \u00e0 l\u2019h\u00f4tel Galaxie de Dosso. L\u2019objectif global assign\u00e9 \u00e0 cet atelier \u00e9tait la consolidation du DPPD 2023 \u2013 2025 et du PAP 2023 de l\u2019INS avant sa pr\u00e9sentation au conseil d\u2019administration pour validation. De fa\u00e7on sp\u00e9cifique l\u2019atelier de Dosso visait \u00e0 :<\/p>\n<ul>\n<li style=\"text-align: justify;\">Amender la partie th\u00e9orique du draft du PAP 2023\u00a0et du DPPD 2023 \u2013 2025 ;<\/li>\n<li style=\"text-align: justify;\">Analyser la pertinence de la formulation des actions de chacun des trois (3) programmes, en coh\u00e9rence de la Strat\u00e9gie Nationale de D\u00e9veloppement de la Statistiques (SNDS) 2022-2026\u00a0;<\/li>\n<li style=\"text-align: justify;\">Analyser la pertinence et supprimer les doublons des activit\u00e9s propos\u00e9es par les diff\u00e9rentes directions centrales de l\u2019INS dans les trois (3) programmes concern\u00e9s du PAP 2023\u00a0;<\/li>\n<li style=\"text-align: justify;\">Mettre \u00e0 jour les activit\u00e9s des trois (3) programmes conform\u00e9ment aux orientations de la Direction G\u00e9n\u00e9rale\u00a0;<\/li>\n<li>Mettre \u00e0 jour le m\u00e9canisme de suivi et \u00e9valuation et le cadre logique du programme.<\/li>\n<\/ul>\n<p style=\"text-align: justify;\">La c\u00e9r\u00e9monie d\u2019ouverture a \u00e9t\u00e9 pr\u00e9sid\u00e9e par la Directrice G\u00e9n\u00e9rale de l\u2019INS, Mme TAKOUBAKOYE Aminata BOUREIMA qui dans son mot d\u2019ouverture a rappel\u00e9 les principales priorit\u00e9s de la Direction G\u00e9n\u00e9rale qui sont notamment :<\/p>\n<ul style=\"text-align: justify;\">\n<li>la poursuite de la digitalisation de la collecte des donn\u00e9es avec le d\u00e9fi de la s\u00e9curisation des donn\u00e9es \u00e0 caract\u00e8re personnelle\u00a0;<\/li>\n<li>l\u2019organisation du prochain Recensement G\u00e9n\u00e9ral de la Population et de l\u2019Habitat (RGPH\/2023)\u00a0;<\/li>\n<li>la finalisation du Recensement G\u00e9n\u00e9ral des Entreprises (ReGEN)\u00a0;<\/li>\n<li>la mise en \u0153uvre de nouvelles r\u00e9formes dans les statistiques \u00e9conomiques\u00a0;<\/li>\n<li>l\u2019\u00e9laboration et la mise en place d\u2019une strat\u00e9gie de communication avec un aspect digitalisation\u00a0;<\/li>\n<li>l\u2019am\u00e9lioration de la gestion administrative et financi\u00e8re de l\u2019INS\u00a0;<\/li>\n<li>la consolidation des acquis de l\u2019Ecole Nationale des la Statistique (ENSTAT) ;<\/li>\n<li>la redynamisation du Conseil National de la Statistiques (CNS)\u00a0;<\/li>\n<li>la mise en \u0153uvre de la politique de diffusion de l\u2019INS.<\/li>\n<\/ul>\n<p style=\"text-align: justify;\">Elle a rappel\u00e9\u00a0 \u00a0\u00e9galement que la coh\u00e9rence et la synergie du Programme Annuel de Performance (PAP) de l&rsquo;INS permettra de renforcer la synergie d\u2019action pour rationaliser les ressources et renforcer le travail ensemble.<\/p>\n<p style=\"text-align: justify;\">Elle a ensuite rappel\u00e9 la n\u00e9cessit\u00e9 de prendre en compte les besoins d\u2019informations des utilisateurs pour la production statistique car il ne s\u2019agit pas de produire juste pour produire l\u2019information.<\/p>\n<p style=\"text-align: justify;\">Ceci permettra \u00e0 l\u2019INS de s\u2019ouvrir \u00e0 d\u2019autres th\u00e9matiques notamment la production et la gestion de l\u2019information dans le contexte d\u2019ins\u00e9curit\u00e9, la production des donn\u00e9es sur les changements climatiques, etc. L\u2019objectif \u00e9tant, pour l\u2019INS, d\u2019aller vers une offre de services qui nous renforcera son r\u00f4le en tant qu\u2019institution productrice des donn\u00e9es.<\/p>\n<p style=\"text-align: justify;\">Apr\u00e8s la c\u00e9r\u00e9monie d\u2019ouverture, les travaux se sont poursuivis avec la pr\u00e9sentation des activit\u00e9s du PAP 2023. Trois (3) jours durant, toutes les structures centrales et d\u00e9concentr\u00e9es de l\u2019INS ont pr\u00e9sent\u00e9 leurs activit\u00e9s. Ces pr\u00e9sentations ont \u00e9t\u00e9 suivies de discussions en vue d\u2019am\u00e9liorer le PAP 2023. Les activit\u00e9s de l\u2019INS pour le PAP 2023 s\u2019inscrivent dans les trois (3) programmes suivants :<\/p>\n<ul style=\"text-align: justify;\">\n<li>Programme 1 : \u00ab Pilotage et administration efficiente du Syst\u00e8me Statistique National (SSN) \u00bb;<\/li>\n<li>Programme 2 : \u00ab Renforcement de la coordination du Syst\u00e8me Statistique National (SSN) \u00bb;<\/li>\n<li>Programme 3 : \u00ab D\u00e9veloppement de la qualit\u00e9 de la production statistique \u00bb.<\/li>\n<\/ul>\n<p style=\"text-align: justify;\">\u00a0Des travaux de groupes ont ensuite suivis pour l\u2019arbitrage et l\u2019amendement des parties th\u00e9oriques du DPPD 2023 \u2013 2025 et du PAP 2023.<\/p>\n<p style=\"text-align: justify;\">Le PAP 2023 de la PNIN a \u00e9t\u00e9 inscrit dans le programme 2 de l\u2019INS. Il comporte vingt-quatre (24) activit\u00e9s pour un montant total de trois cent vingt-trois millions trois cent trente-sept mille (<strong>323 337\u00a0000<\/strong>) Francs CFA.<\/p>\n","protected":false},"excerpt":{"rendered":"<p>La PNIN Niger a particip\u00e9 \u00e0 l\u2019atelier d\u2019\u00e9laboration du Document de Programmation Pluriannuelle des D\u00e9penses (DPPD) 2023 \u2013 2025 et du Projet Annuel de Performance (PAP) 2023 de l\u2019Institut National de la Statistique (INS), du 24 au 28 octobre 2022 \u00e0 l\u2019h\u00f4tel Galaxie de Dosso. L\u2019objectif global assign\u00e9 \u00e0 cet atelier \u00e9tait la consolidation du &hellip;<\/p>\n","protected":false},"author":1,"featured_media":1708,"comment_status":"open","ping_status":"open","sticky":false,"template":"","format":"standard","meta":{"footnotes":""},"categories":[25],"tags":[],"_links":{"self":[{"href":"https:\/\/pnin-niger.org\/web\/index.php?rest_route=\/wp\/v2\/posts\/1706"}],"collection":[{"href":"https:\/\/pnin-niger.org\/web\/index.php?rest_route=\/wp\/v2\/posts"}],"about":[{"href":"https:\/\/pnin-niger.org\/web\/index.php?rest_route=\/wp\/v2\/types\/post"}],"author":[{"embeddable":true,"href":"https:\/\/pnin-niger.org\/web\/index.php?rest_route=\/wp\/v2\/users\/1"}],"replies":[{"embeddable":true,"href":"https:\/\/pnin-niger.org\/web\/index.php?rest_route=%2Fwp%2Fv2%2Fcomments&post=1706"}],"version-history":[{"count":3,"href":"https:\/\/pnin-niger.org\/web\/index.php?rest_route=\/wp\/v2\/posts\/1706\/revisions"}],"predecessor-version":[{"id":1714,"href":"https:\/\/pnin-niger.org\/web\/index.php?rest_route=\/wp\/v2\/posts\/1706\/revisions\/1714"}],"wp:featuredmedia":[{"embeddable":true,"href":"https:\/\/pnin-niger.org\/web\/index.php?rest_route=\/wp\/v2\/media\/1708"}],"wp:attachment":[{"href":"https:\/\/pnin-niger.org\/web\/index.php?rest_route=%2Fwp%2Fv2%2Fmedia&parent=1706"}],"wp:term":[{"taxonomy":"category","embeddable":true,"href":"https:\/\/pnin-niger.org\/web\/index.php?rest_route=%2Fwp%2Fv2%2Fcategories&post=1706"},{"taxonomy":"post_tag","embeddable":true,"href":"https:\/\/pnin-niger.org\/web\/index.php?rest_route=%2Fwp%2Fv2%2Ftags&post=1706"}],"curies":[{"name":"wp","href":"https:\/\/api.w.org\/{rel}","templated":true}]}}