{"id":859,"date":"2018-12-10T00:07:25","date_gmt":"2018-12-10T00:07:25","guid":{"rendered":"https:\/\/pnin-niger.org\/web\/?p=859"},"modified":"2020-07-30T16:02:11","modified_gmt":"2020-07-30T16:02:11","slug":"invitation-a-la-dissemination-du-rapport-cout-de-la-faim-en-afrique-cas-du-niger","status":"publish","type":"post","link":"https:\/\/pnin-niger.org\/web\/?p=859","title":{"rendered":"Invitation \u00e0 la Diss\u00e9mination du rapport co\u00fbt de la Faim en Afrique cas du Niger"},"content":{"rendered":"<p style=\"text-align: justify;\">L\u2019Equipe PNIN a particip\u00e9 \u00e0 la pr\u00e9sentation des r\u00e9sultats du rapport Co\u00fbt de la faim en Afrique sur le cas du Niger ce 10 D\u00e9cembre 2018 au Palais des congr\u00e8s \u00e0\u00a0Niamey. L\u2019\u00e9tude Co\u00fbt de la Faim en Afrique (CDFA) est une initiative africaine dirig\u00e9e par la Commission de l\u2019Union Africaine (CUA) et le Nouveau Partenariat pour le D\u00e9veloppement de l\u2019Afrique (NEPAD) avec l\u2019appui des partenaires au d\u00e9veloppement (Programme Alimentaire Mondiale (PAM), Commission Economique des Nations Unies pour l\u2019Am\u00e9rique Latine et les Cara\u00efbes (ECLAC) sous le leadership du Haut-Commissariat \u00e0 l\u2019initiative 3N. L\u2019Etude a \u00e9t\u00e9 conduite par un Comit\u00e9 national de pilotage pluridisciplinaire repr\u00e9sentant des d\u00e9partements minist\u00e9riels impliqu\u00e9s directement ou indirectement dans les questions sur la nutrition. Cette \u00e9tude a \u00e9t\u00e9 r\u00e9alis\u00e9e dans le but de produire des donn\u00e9es pour informer les principaux d\u00e9cideurs et le grand public sur les co\u00fbts Sociaux et Economiques de la sous nutrition des enfants. Au terme de l&rsquo;\u00e9tude, Son Excellence Monsieur le Premier Ministre Brigi Rafini a fait l&rsquo;honneur de diss\u00e9miner lui-m\u00eame les r\u00e9sultats en pr\u00e9sence d&rsquo;\u00e9minentes personnalit\u00e9s (UA, NEPAD).<\/p>\n<p style=\"text-align: justify;\">Les r\u00e9sultats de cette \u00e9tude permettent d\u2019appr\u00e9cier l\u2019impact social et \u00e9conomique de la sous-nutrition infantile et d\u2019am\u00e9liorer la compr\u00e9hension de ce ph\u00e9nom\u00e8ne dans les domaines de la sant\u00e9, de l\u2019\u00e9ducation et de la productivit\u00e9 au travail en utilisant l\u2019ann\u00e9e 2014 comme ann\u00e9e de r\u00e9f\u00e9rence. Sur la p\u00e9riode 2010-2014, <strong>42,7\u00a0% des cas de mortalit\u00e9\u00a0 des enfants de moins de 5 ans sont li\u00e9s \u00e0 la sous-nutrition<\/strong>. Ainsi, <strong>les co\u00fbts annuels associ\u00e9s \u00e0 la sous-nutrition sont estim\u00e9s \u00e0 290\u00a0milliards de F\u00a0CFA, soit 7,1\u00a0% du Produit Int\u00e9rieur Brut par an<\/strong>. Sur la m\u00eame p\u00e9riode, <strong>les enfants souffrant d\u2019un retard de croissance ont un taux de redoublement de 19,8\u00a0% contre seulement 8,1\u00a0% pour ceux n\u2019ayant pas souffert d\u2019un retard de croissance<\/strong>. Ce risque suppl\u00e9mentaire de 11,7\u00a0points de pourcentage a g\u00e9n\u00e9r\u00e9 7\u00a0734 cas additionnels de redoublement en 2014 imputant au syst\u00e8me \u00e9ducatif et aux m\u00e9nages un co\u00fbt de 760,5\u00a0millions de F\u00a0CFA.<\/p>\n<p style=\"text-align: justify;\">Les donn\u00e9es utilis\u00e9es pour l\u2019Etude sont les donn\u00e9es recueillies par l\u2019Institut National de la Statistique (INS) et les donn\u00e9es des Directions des Statistiques des Minist\u00e8res de la Sant\u00e9, de l\u2019Enseignement Primaire et du Secondaire. Les principaux documents exploit\u00e9s sont\u00a0: EDSN 2012, RGPH 2012, les Comptes Economiques de la Nation 2006 \u00e0 2014, les enqu\u00eates SMART de 2006 \u00e0 2014, l\u2019ECVMA 2011 et 2014, le RESEN 2010, les comptes Nationaux de la Sant\u00e9 de 2011 \u00e0 2014 et les Annuaires des Statistiques de l\u2019Education de 2014, de la Sant\u00e9 2014 et de l\u2019INS 2010 \u00e0 2014.<\/p>\n<p><a href=\"https:\/\/pnin-niger.org\/web\/wp-content\/uploads\/2018\/12\/SYNOPSIS_COHA_Juillet_2020.pdf\" target=\"_blank\" rel=\"noopener noreferrer\">T\u00e9l\u00e9charger le synopsis du juillet 2020<\/a><\/p>\n","protected":false},"excerpt":{"rendered":"<p>L\u2019Equipe PNIN a particip\u00e9 \u00e0 la pr\u00e9sentation des r\u00e9sultats du rapport Co\u00fbt de la faim en Afrique sur le cas du Niger ce 10 D\u00e9cembre 2018 au Palais des congr\u00e8s \u00e0\u00a0Niamey. L\u2019\u00e9tude Co\u00fbt de la Faim en Afrique (CDFA) est une initiative africaine dirig\u00e9e par la Commission de l\u2019Union Africaine (CUA) et le Nouveau Partenariat &hellip;<\/p>\n","protected":false},"author":1,"featured_media":862,"comment_status":"open","ping_status":"open","sticky":false,"template":"","format":"standard","meta":{"footnotes":""},"categories":[25],"tags":[],"_links":{"self":[{"href":"https:\/\/pnin-niger.org\/web\/index.php?rest_route=\/wp\/v2\/posts\/859"}],"collection":[{"href":"https:\/\/pnin-niger.org\/web\/index.php?rest_route=\/wp\/v2\/posts"}],"about":[{"href":"https:\/\/pnin-niger.org\/web\/index.php?rest_route=\/wp\/v2\/types\/post"}],"author":[{"embeddable":true,"href":"https:\/\/pnin-niger.org\/web\/index.php?rest_route=\/wp\/v2\/users\/1"}],"replies":[{"embeddable":true,"href":"https:\/\/pnin-niger.org\/web\/index.php?rest_route=%2Fwp%2Fv2%2Fcomments&post=859"}],"version-history":[{"count":3,"href":"https:\/\/pnin-niger.org\/web\/index.php?rest_route=\/wp\/v2\/posts\/859\/revisions"}],"predecessor-version":[{"id":1135,"href":"https:\/\/pnin-niger.org\/web\/index.php?rest_route=\/wp\/v2\/posts\/859\/revisions\/1135"}],"wp:featuredmedia":[{"embeddable":true,"href":"https:\/\/pnin-niger.org\/web\/index.php?rest_route=\/wp\/v2\/media\/862"}],"wp:attachment":[{"href":"https:\/\/pnin-niger.org\/web\/index.php?rest_route=%2Fwp%2Fv2%2Fmedia&parent=859"}],"wp:term":[{"taxonomy":"category","embeddable":true,"href":"https:\/\/pnin-niger.org\/web\/index.php?rest_route=%2Fwp%2Fv2%2Fcategories&post=859"},{"taxonomy":"post_tag","embeddable":true,"href":"https:\/\/pnin-niger.org\/web\/index.php?rest_route=%2Fwp%2Fv2%2Ftags&post=859"}],"curies":[{"name":"wp","href":"https:\/\/api.w.org\/{rel}","templated":true}]}}